{"id":15334,"date":"2019-12-12T18:15:38","date_gmt":"2019-12-12T17:15:38","guid":{"rendered":"https:\/\/paradiseisnotlost.com\/bzh\/?p=15334"},"modified":"2025-12-11T08:06:52","modified_gmt":"2025-12-11T07:06:52","slug":"event-garage-a-confettis-ffil","status":"publish","type":"post","link":"https:\/\/paradiseisnotlost.com\/bzh\/event-garage-a-confettis-ffil\/","title":{"rendered":"Event &#8211; GARAGE \u00c0 CONFETTIS &#8211; FFIL"},"content":{"rendered":"<p style=\"text-align: center;\"><span style=\"color: #999999;\">BOUTIQUE \u00c9PH\u00c9M\u00c8RE<\/span><\/p>\n<p style=\"text-align: center;\"><span style=\"color: #999999;\"><a href=\"https:\/\/paradiseisnotlost.com\/bzh\/le-garage-saint-nazaire\/\" rel=\"Le Garage Saint-Nazaire\"><img loading=\"lazy\" decoding=\"async\" class=\"aligncenter wp-image-14600 size-full\" title=\"Le Garage Saint-Nazaire\" src=\"https:\/\/paradiseisnotlost.com\/bzh\/wp-content\/uploads\/2019\/11\/logo_garage_001.png\" alt=\"Le Garage Saint-Nazaire\" width=\"90\" height=\"104\" \/><\/a><\/span><\/p>\n<h2 style=\"text-align: center;\">FFIL<\/h2>\n<h2 style=\"text-align: center;\"><a href=\"https:\/\/paradiseisnotlost.com\/bzh\/event-boutique-createurs-2019\/\" rel=\"noopener noreferrer\">LE GARAGE \u00c0 CONFETTIS<\/a><\/h2>\n<blockquote><p><a href=\"https:\/\/paradiseisnotlost.com\/bzh\/event-boutique-createurs-2019\/\"><strong>#LECHICESTLOCAL<\/strong><\/a>\u00a0DU 7 AU 22 D\u00c9CEMBRE 2019 <a href=\"#form\">AU GARAGE SAINT-NAZAIRE<\/a>. OUVERT DIMANCHE 09:30 \/ 14:30 &#8211; LUNDI 14:30 \/ 19:00 &#8211; DU MARDI AU SAMEDI 10:00 \/ 19:00 by <a href=\"https:\/\/www.facebook.com\/legarageaconfettis\/\" target=\"_blank\" rel=\"noopener noreferrer\">DYNAMO<\/a>. <strong>1 CADEAU \u00c0 GAGNER CHAQUE JOUR!<\/strong><\/p><\/blockquote>\n<hr \/>\n<p><img loading=\"lazy\" decoding=\"async\" class=\"aligncenter size-thumbnail wp-image-15127\" src=\"https:\/\/paradiseisnotlost.com\/bzh\/wp-content\/uploads\/2019\/12\/ffil-150x150.jpg\" alt=\"FFIL\" width=\"150\" height=\"150\" srcset=\"https:\/\/paradiseisnotlost.com\/bzh\/wp-content\/uploads\/2019\/12\/ffil-150x150.jpg 150w, https:\/\/paradiseisnotlost.com\/bzh\/wp-content\/uploads\/2019\/12\/ffil-100x100.jpg 100w, https:\/\/paradiseisnotlost.com\/bzh\/wp-content\/uploads\/2019\/12\/ffil-300x297.jpg 300w, https:\/\/paradiseisnotlost.com\/bzh\/wp-content\/uploads\/2019\/12\/ffil-60x60.jpg 60w, https:\/\/paradiseisnotlost.com\/bzh\/wp-content\/uploads\/2019\/12\/ffil.jpg 317w\" sizes=\"auto, (max-width: 150px) 100vw, 150px\" \/><strong>FFIL<\/strong> propose \u00e9galement une collection d&rsquo;accessoires textiles r\u00e9versibles et ajustables (mitaines, foulards&#8230;) con\u00e7ue \u00e0 partir des mati\u00e8res premi\u00e8res r\u00e9cup\u00e9r\u00e9es de l\u2019industrie du luxe et recycl\u00e9es afin de leur donner une seconde vie.<br \/>\nContemporaine et \u00e9l\u00e9gante, la marque FFIL surprend par son concept unique. Claire Batardi\u00e8re, sa cr\u00e9atrice, con\u00e7oit des sacs et accessoires dont l\u2019\u00e9l\u00e9gance minimaliste illustre l\u2019id\u00e9e d\u2019une originalit\u00e9 ancr\u00e9e dans la simplicit\u00e9.<br \/>\nFFIL est la seule \u00e0 proposer des sacs \u00e0 monter et d\u00e9monter soi-m\u00eame gr\u00e2ce \u00e0 un syst\u00e8me de boutons pression. Autre originalit\u00e9 : les r\u00e9glages de la bandouli\u00e8re et des boutons pression permettent de porter les sacs FFIL de diff\u00e9rentes mani\u00e8res.<\/p>\n<p><em>Depuis 15 ans, FFIL est fi\u00e8re de porter le savoir-faire et les valeurs de la maroquinerie de la r\u00e9gion des Pays de la Loire et ses cr\u00e9ations ont \u00e9t\u00e9 pens\u00e9es pour r\u00e9v\u00e9ler les atouts et la ma\u00eetrise de ces artisans. Son atelier est install\u00e9 au Garage \u00e0 Saint-Nazaire.<\/em><\/p>\n<p><img loading=\"lazy\" decoding=\"async\" class=\"aligncenter wp-image-15128 size-full\" src=\"https:\/\/paradiseisnotlost.com\/bzh\/wp-content\/uploads\/2019\/12\/ffi_2l.jpg\" alt=\"FFIL\" width=\"960\" height=\"1440\" srcset=\"https:\/\/paradiseisnotlost.com\/bzh\/wp-content\/uploads\/2019\/12\/ffi_2l.jpg 960w, https:\/\/paradiseisnotlost.com\/bzh\/wp-content\/uploads\/2019\/12\/ffi_2l-200x300.jpg 200w, https:\/\/paradiseisnotlost.com\/bzh\/wp-content\/uploads\/2019\/12\/ffi_2l-640x960.jpg 640w, https:\/\/paradiseisnotlost.com\/bzh\/wp-content\/uploads\/2019\/12\/ffi_2l-768x1152.jpg 768w\" sizes=\"auto, (max-width: 960px) 100vw, 960px\" \/><\/p>\n<ul>\n<li style=\"list-style-type: none;\">\n<ul>\n<li><a href=\"https:\/\/www.ffil.fr\" target=\"_blank\" rel=\"noopener noreferrer\">www.ffil.fr<\/a><\/li>\n<li><a href=\"https:\/\/www.facebook.com\/ffil.sac\/\" target=\"_blank\" rel=\"noopener noreferrer\">Facebook<\/a><\/li>\n<li><a href=\"https:\/\/www.instagram.com\/ffil_sac\/\" target=\"_blank\" rel=\"noopener noreferrer\">Instagram<\/a><\/li>\n<li><a href=\"https:\/\/www.youtube.com\/channel\/UCEk-ixlR1Bth_DGgRkeBA8A?reload=9&amp;view_as=subscriber\" target=\"_blank\" rel=\"noopener noreferrer\">Youtube<\/a><\/li>\n<\/ul>\n<\/li>\n<\/ul>\n<hr \/>\n<h3 id=\"form\" style=\"text-align: center;\"><a href=\"https:\/\/paradiseisnotlost.com\/bzh\/event-boutique-createurs-2019\/\">VOIR LES AUTRES CR\u00c9ATEURS PR\u00c9SENTS AU GARAGE \u00c0 CONFETTIS<\/a><\/h3>\n<p>&nbsp;<\/p>\n\n\t\t\t\t<p class=\"rs-p-wp-fix\"><\/p>\n\t\t\t\t<sr7-module data-alias=\"events-garage-confettis-19\" data-id=\"32\" id=\"SR7_32_1\" data-version=\"6.7.53\">\n\t\t\t\t\t<sr7-adjuster><\/sr7-adjuster>\n\t\t\t\t\t<sr7-content>\n\t\t\t\t\t\t<sr7-carousel>\n\t\t\t\t\t\t<sr7-slide id=\"SR7_32_1-234\" data-key=\"234\">\n\t\t\t\t\t\t\t<sr7-bg id=\"SR7_32_1-234-slidebg\" class=\"sr7-layer\"><noscript><img decoding=\"async\" src=\"https:\/\/paradiseisnotlost.com\/bzh\/wp-content\/uploads\/2019\/12\/garage-confettis_02.jpg\" alt=\"Le Garage \u00e0 Confettis Boutique\" title=\"garage-confettis_02\"><\/noscript><\/sr7-bg>\n\t\t\t\t\t\t\t<sr7-txt id=\"SR7_32_1-234-6\" class=\"sr7-layer\">BOUTIQUE  \u00c9PH\u00c9M\u00c8RE<\/sr7-txt>\n\t\t\t\t\t\t\t<sr7-txt id=\"SR7_32_1-234-7\" class=\"sr7-layer\">DES CR\u00c9ATEURS<\/sr7-txt>\n\t\t\t\t\t\t<\/sr7-slide>\n\t\t\t\t\t\t<sr7-slide id=\"SR7_32_1-235\" data-key=\"235\">\n\t\t\t\t\t\t\t<sr7-bg id=\"SR7_32_1-235-slidebg\" class=\"sr7-layer\"><noscript><img decoding=\"async\" src=\"https:\/\/paradiseisnotlost.com\/bzh\/wp-content\/uploads\/2019\/12\/garage-confettis_28.jpg\" alt=\"\" title=\"garage-confettis_28\"><\/noscript><\/sr7-bg>\n\t\t\t\t\t\t\t<sr7-txt id=\"SR7_32_1-235-7\" class=\"sr7-layer\">LE GARAGE \u00c0 CONFETTIS<\/sr7-txt>\n\t\t\t\t\t\t<\/sr7-slide>\n\t\t\t\t\t\t<sr7-slide id=\"SR7_32_1-236\" data-key=\"236\">\n\t\t\t\t\t\t\t<sr7-bg id=\"SR7_32_1-236-slidebg\" class=\"sr7-layer\"><noscript><img decoding=\"async\" src=\"https:\/\/paradiseisnotlost.com\/bzh\/wp-content\/uploads\/2019\/12\/amin_04.jpg\" alt=\"Garage \u00e0 Confettis\" title=\"amin_04\"><\/noscript><\/sr7-bg>\n\t\t\t\t\t\t\t<sr7-txt id=\"SR7_32_1-236-7\" class=\"sr7-layer\">28 CR\u00c9ATEURS<\/sr7-txt>\n\t\t\t\t\t\t<\/sr7-slide>\n\t\t\t\t\t\t<sr7-slide id=\"SR7_32_1-238\" data-key=\"238\">\n\t\t\t\t\t\t\t<sr7-bg id=\"SR7_32_1-238-slidebg\" class=\"sr7-layer\"><noscript><img decoding=\"async\" src=\"https:\/\/paradiseisnotlost.com\/bzh\/wp-content\/uploads\/2019\/12\/amin_06.jpg\" alt=\"Garage \u00e0 Confettis\" title=\"amin_06\"><\/noscript><\/sr7-bg>\n\t\t\t\t\t\t\t<sr7-txt id=\"SR7_32_1-238-6\" class=\"sr7-layer\">1 CADEAU<\/sr7-txt>\n\t\t\t\t\t\t\t<sr7-txt id=\"SR7_32_1-238-7\" class=\"sr7-layer\">\u00c0 GAGNER<\/sr7-txt>\n\t\t\t\t\t\t<\/sr7-slide>\n\t\t\t\t\t\t<sr7-slide id=\"SR7_32_1-237\" data-key=\"237\">\n\t\t\t\t\t\t\t<sr7-bg id=\"SR7_32_1-237-slidebg\" class=\"sr7-layer\"><noscript><img decoding=\"async\" src=\"https:\/\/paradiseisnotlost.com\/bzh\/wp-content\/uploads\/2019\/12\/amin_03.jpg\" alt=\"Garage \u00e0 Confettis\" title=\"amin_03\"><\/noscript><\/sr7-bg>\n\t\t\t\t\t\t\t<sr7-txt id=\"SR7_32_1-237-7\" class=\"sr7-layer\">TOUS LES JOURS!<\/sr7-txt>\n\t\t\t\t\t\t<\/sr7-slide>\n\t\t\t\t\t\t<sr7-slide id=\"SR7_32_1-239\" data-key=\"239\">\n\t\t\t\t\t\t\t<sr7-bg id=\"SR7_32_1-239-slidebg\" class=\"sr7-layer\"><noscript><img decoding=\"async\" src=\"https:\/\/paradiseisnotlost.com\/bzh\/wp-content\/uploads\/2019\/12\/amin_05.jpg\" alt=\"Garage \u00e0 Confettis\" title=\"amin_05\"><\/noscript><\/sr7-bg>\n\t\t\t\t\t\t\t<sr7-txt id=\"SR7_32_1-239-7\" class=\"sr7-layer\">Jusqu'au 22 d\u00e9cembre<\/sr7-txt>\n\t\t\t\t\t\t<\/sr7-slide>\n\t\t\t\t\t\t<sr7-slide id=\"SR7_32_1-240\" data-key=\"240\">\n\t\t\t\t\t\t\t<sr7-bg id=\"SR7_32_1-240-slidebg\" class=\"sr7-layer\"><noscript><img decoding=\"async\" src=\"https:\/\/paradiseisnotlost.com\/bzh\/wp-content\/uploads\/2019\/12\/amin_02.jpg\" alt=\"Garage \u00e0 Confettis\" title=\"amin_02\"><\/noscript><\/sr7-bg>\n\t\t\t\t\t\t\t<sr7-txt id=\"SR7_32_1-240-7\" class=\"sr7-layer\">saint-nazaire<\/sr7-txt>\n\t\t\t\t\t\t<\/sr7-slide>\n\t\t\t\t\t\t<sr7-slide id=\"SR7_32_1-383\" data-key=\"383\">\n\t\t\t\t\t\t<\/sr7-slide>\n\t\t\t\t\t\t<\/sr7-carousel>\n\t\t\t\t\t<\/sr7-content>\n\t\t\t\t<\/sr7-module>\n\t\t\t\t<script>\n\t\t\t\t\twindow.SR7 ??={};SR7.PMH ??={}; SR7.PMH[\"SR7_32_1\"] = {cn:100,state:false,fn: function() { if (window._tpt!==undefined && window._tpt.prepareModuleHeight !== undefined) {  _tpt.prepareModuleHeight({id:\"SR7_32_1\",el:[600,600,600,600],type:'carousel',shdw:'0',gh:[600,600,600,600],gw:[600,600,600,600],vpt:['-200px'],size:{fullWidth:true, fullHeight:false},thumbh:\"100\",mh:'0',onh:100,onw:0,bg:{color:'#111111',image:{src:'https:\/\/paradiseisnotlost.com\/cancans\/wp-content\/uploads\/revslider\/anothercarousel\/webproduct_darkbg3.jpg',size:'cover',position:'center center',repeat:'no-repeat'}},carousel:{pt:'0',pb:'0'},plType:'2',plColor:'#FFFFFF'});   SR7.PMH[\"SR7_32_1\"].state=true;} else if(SR7.PMH[\"SR7_32_1\"].cn-->0)\tsetTimeout( SR7.PMH[\"SR7_32_1\"].fn,19);}};SR7.PMH[\"SR7_32_1\" ].fn();\n\t\t\t\t<\/script>\n\n<p>&nbsp;<\/p>\n<hr \/>\n<h3 style=\"text-align: center;\">COORDONN\u00c9ES<\/h3>\n<h4 style=\"text-align: center;\">Le Garage \u00e0 Confettis<br \/>\n40 rue des Halles &#8211; 44600 Saint-Nazaire &#8211; FRA<br \/>\nOUVERT DIMANCHE 09:30 \/ 14:30 &#8211; LUNDI 14:30 \/ 19:00 &#8211; DU MARDI AU SAMEDI 10:00 \/ 19:00<br \/>\n<a href=\"mailto:dynamo.st.nazaire@gmail.com\">E-mail Dynamo<\/a><br \/>\n<a href=\"https:\/\/www.facebook.com\/legarageaconfettis\/\" target=\"_blank\" rel=\"noopener noreferrer\">Facebook Dynamo<\/a><\/h4>\n<p><iframe loading=\"lazy\" style=\"border: 0;\" src=\"https:\/\/www.google.com\/maps\/embed?pb=!1m14!1m8!1m3!1d10827.161350918426!2d-2.2150995!3d47.2793529!3m2!1i1024!2i768!4f13.1!3m3!1m2!1s0x0%3A0xab5399858ac0a04!2sLE%20GARAGE!5e0!3m2!1sfr!2sfr!4v1573403074487!5m2!1sfr!2sfr\" width=\"90%\" height=\"450\" frameborder=\"0\" allowfullscreen=\"allowfullscreen\"><\/iframe><\/p>\n<div>\n<hr \/>\n<h3 style=\"text-align: center;\"><a href=\"https:\/\/paradiseisnotlost.com\/bzh\/event-boutique-createurs-2019\/\" rel=\"noopener noreferrer\">TOUS LES CR\u00c9ATEURS<\/a><\/h3>\n<hr \/>\n<h3 style=\"text-align: center;\"><a href=\"https:\/\/paradiseisnotlost.com\/bzh\/digital-artshop\/\">\u00ab\u00a0THI\u00a0\u00bb BOUTIQUE<\/a><\/h3>\n<p style=\"text-align: center;\"><em>Transmetteurs d&rsquo;Harmonie Int\u00e9rieurs<\/em><\/p>\n<p>[wcps id=&rsquo;13936&prime;]<\/p>\n<hr \/>\n<div id=\"attachment_3925\" style=\"width: 158px\" class=\"wp-caption aligncenter\"><a href=\"https:\/\/paradiseisnotlost.com\/bzh\/blog-sud-bretagne\/\" rel=\"Accueil CANCANS Blog Paradiseisnotlost\"><img loading=\"lazy\" decoding=\"async\" aria-describedby=\"caption-attachment-3925\" class=\"wp-image-3925 size-full\" title=\"Accueil CANCANS Blog Paradiseisnotlost\" src=\"https:\/\/paradiseisnotlost.com\/bzh\/wp-content\/uploads\/2019\/05\/19_logo_logo_entet-web_008.png\" alt=\"Paradiseisnotlost CANCANS le Blog Sud Bretagne\" width=\"148\" height=\"69\" \/><\/a><p id=\"caption-attachment-3925\" class=\"wp-caption-text\">Sud Bretagne<\/p><\/div>\n<\/div>\n","protected":false},"excerpt":{"rendered":"<p>BOUTIQUE \u00c9PH\u00c9M\u00c8RE FFIL LE GARAGE \u00c0 CONFETTIS #LECHICESTLOCAL\u00a0DU 7 AU 22 D\u00c9CEMBRE 2019 AU GARAGE SAINT-NAZAIRE. OUVERT DIMANCHE&#8230;<\/p>\n","protected":false},"author":2,"featured_media":15338,"comment_status":"closed","ping_status":"open","sticky":false,"template":"","format":"standard","meta":{"footnotes":""},"categories":[17],"tags":[177,252,309,338,300,293,292,214,254,308,320,333,253],"class_list":["post-15334","post","type-post","status-publish","format-standard","has-post-thumbnail","hentry","category-actu-sud-bretagne","tag-affiches","tag-boutique","tag-boutique-ephemere","tag-cuir","tag-evenements","tag-expo","tag-expo-vente","tag-la-petite-californie-bretonne","tag-le-garage","tag-le-garage-a-confettis","tag-mode","tag-sacs","tag-saint-nazaire"],"yoast_head":"<!-- This site is optimized with the Yoast SEO plugin v27.4 - https:\/\/yoast.com\/product\/yoast-seo-wordpress\/ -->\n<title>Event - GARAGE \u00c0 CONFETTIS - FFIL - #lechicestlocal<\/title>\n<meta name=\"description\" content=\"Boutique \u00e9ph\u00e9m\u00e8re de cr\u00e9ateurs - Le Garage \u00e0 Confettis du 7 au 22 d\u00e9cembre 2019 au Garage \u00e0 Saint-Nazaire en Petite Californie Bretonne. FFIL\" \/>\n<meta name=\"robots\" content=\"index, follow, max-snippet:-1, max-image-preview:large, max-video-preview:-1\" \/>\n<link rel=\"canonical\" href=\"https:\/\/paradiseisnotlost.com\/bzh\/event-garage-a-confettis-ffil\/\" \/>\n<meta property=\"og:locale\" content=\"fr_FR\" \/>\n<meta property=\"og:type\" content=\"article\" \/>\n<meta property=\"og:title\" content=\"Event - GARAGE \u00c0 CONFETTIS - FFIL - #lechicestlocal\" \/>\n<meta property=\"og:description\" content=\"Boutique \u00e9ph\u00e9m\u00e8re de cr\u00e9ateurs - Le Garage \u00e0 Confettis du 7 au 22 d\u00e9cembre 2019 au Garage \u00e0 Saint-Nazaire en Petite Californie Bretonne. FFIL\" \/>\n<meta property=\"og:url\" content=\"https:\/\/paradiseisnotlost.com\/bzh\/event-garage-a-confettis-ffil\/\" \/>\n<meta property=\"og:site_name\" content=\"Paradise is not lost, we design it ! Sud BZH\" \/>\n<meta property=\"article:publisher\" content=\"https:\/\/www.facebook.com\/laptitecalifornie.fr\/\" \/>\n<meta property=\"article:author\" content=\"https:\/\/www.facebook.com\/ericphilippeloiselet\" \/>\n<meta property=\"article:published_time\" content=\"2019-12-12T17:15:38+00:00\" \/>\n<meta property=\"article:modified_time\" content=\"2025-12-11T07:06:52+00:00\" \/>\n<meta property=\"og:image\" content=\"https:\/\/paradiseisnotlost.com\/bzh\/wp-content\/uploads\/2019\/12\/Spots_0.jpg\" \/>\n\t<meta property=\"og:image:width\" content=\"960\" \/>\n\t<meta property=\"og:image:height\" content=\"960\" \/>\n\t<meta property=\"og:image:type\" content=\"image\/jpeg\" \/>\n<meta name=\"author\" content=\"Eric-Philippe\" \/>\n<meta name=\"twitter:card\" content=\"summary_large_image\" \/>\n<meta name=\"twitter:creator\" content=\"@Ptitecalifornie\" \/>\n<meta name=\"twitter:site\" content=\"@Ptitecalifornie\" \/>\n<meta name=\"twitter:label1\" content=\"\u00c9crit par\" \/>\n\t<meta name=\"twitter:data1\" content=\"Eric-Philippe\" \/>\n\t<meta name=\"twitter:label2\" content=\"Dur\u00e9e de lecture estim\u00e9e\" \/>\n\t<meta name=\"twitter:data2\" content=\"1 minute\" \/>\n<script type=\"application\/ld+json\" class=\"yoast-schema-graph\">{\"@context\":\"https:\\\/\\\/schema.org\",\"@graph\":[{\"@type\":\"Article\",\"@id\":\"https:\\\/\\\/paradiseisnotlost.com\\\/bzh\\\/event-garage-a-confettis-ffil\\\/#article\",\"isPartOf\":{\"@id\":\"https:\\\/\\\/paradiseisnotlost.com\\\/bzh\\\/event-garage-a-confettis-ffil\\\/\"},\"author\":{\"name\":\"Eric-Philippe\",\"@id\":\"https:\\\/\\\/paradiseisnotlost.com\\\/bzh\\\/#\\\/schema\\\/person\\\/411e1530ab170d0f473410a600db370b\"},\"headline\":\"Event &#8211; GARAGE \u00c0 CONFETTIS &#8211; FFIL\",\"datePublished\":\"2019-12-12T17:15:38+00:00\",\"dateModified\":\"2025-12-11T07:06:52+00:00\",\"mainEntityOfPage\":{\"@id\":\"https:\\\/\\\/paradiseisnotlost.com\\\/bzh\\\/event-garage-a-confettis-ffil\\\/\"},\"wordCount\":288,\"publisher\":{\"@id\":\"https:\\\/\\\/paradiseisnotlost.com\\\/bzh\\\/#organization\"},\"image\":{\"@id\":\"https:\\\/\\\/paradiseisnotlost.com\\\/bzh\\\/event-garage-a-confettis-ffil\\\/#primaryimage\"},\"thumbnailUrl\":\"https:\\\/\\\/paradiseisnotlost.com\\\/bzh\\\/wp-content\\\/uploads\\\/2019\\\/12\\\/Spots_0.jpg\",\"keywords\":[\"Affiches\",\"Boutique\",\"Boutique \u00c9ph\u00e9m\u00e8re\",\"Cuir\",\"\u00c9v\u00e9nements\",\"Expo\",\"Expo-Vente\",\"La Petite Californie Bretonne\",\"Le Garage\",\"Le Garage \u00e0 Confettis\",\"Mode\",\"Sacs\",\"Saint-Nazaire\"],\"articleSection\":[\"ACTU\"],\"inLanguage\":\"fr-FR\"},{\"@type\":\"WebPage\",\"@id\":\"https:\\\/\\\/paradiseisnotlost.com\\\/bzh\\\/event-garage-a-confettis-ffil\\\/\",\"url\":\"https:\\\/\\\/paradiseisnotlost.com\\\/bzh\\\/event-garage-a-confettis-ffil\\\/\",\"name\":\"Event - GARAGE \u00c0 CONFETTIS - FFIL - #lechicestlocal\",\"isPartOf\":{\"@id\":\"https:\\\/\\\/paradiseisnotlost.com\\\/bzh\\\/#website\"},\"primaryImageOfPage\":{\"@id\":\"https:\\\/\\\/paradiseisnotlost.com\\\/bzh\\\/event-garage-a-confettis-ffil\\\/#primaryimage\"},\"image\":{\"@id\":\"https:\\\/\\\/paradiseisnotlost.com\\\/bzh\\\/event-garage-a-confettis-ffil\\\/#primaryimage\"},\"thumbnailUrl\":\"https:\\\/\\\/paradiseisnotlost.com\\\/bzh\\\/wp-content\\\/uploads\\\/2019\\\/12\\\/Spots_0.jpg\",\"datePublished\":\"2019-12-12T17:15:38+00:00\",\"dateModified\":\"2025-12-11T07:06:52+00:00\",\"description\":\"Boutique \u00e9ph\u00e9m\u00e8re de cr\u00e9ateurs - Le Garage \u00e0 Confettis du 7 au 22 d\u00e9cembre 2019 au Garage \u00e0 Saint-Nazaire en Petite Californie Bretonne. FFIL\",\"breadcrumb\":{\"@id\":\"https:\\\/\\\/paradiseisnotlost.com\\\/bzh\\\/event-garage-a-confettis-ffil\\\/#breadcrumb\"},\"inLanguage\":\"fr-FR\",\"potentialAction\":[{\"@type\":\"ReadAction\",\"target\":[\"https:\\\/\\\/paradiseisnotlost.com\\\/bzh\\\/event-garage-a-confettis-ffil\\\/\"]}]},{\"@type\":\"ImageObject\",\"inLanguage\":\"fr-FR\",\"@id\":\"https:\\\/\\\/paradiseisnotlost.com\\\/bzh\\\/event-garage-a-confettis-ffil\\\/#primaryimage\",\"url\":\"https:\\\/\\\/paradiseisnotlost.com\\\/bzh\\\/wp-content\\\/uploads\\\/2019\\\/12\\\/Spots_0.jpg\",\"contentUrl\":\"https:\\\/\\\/paradiseisnotlost.com\\\/bzh\\\/wp-content\\\/uploads\\\/2019\\\/12\\\/Spots_0.jpg\",\"width\":960,\"height\":960,\"caption\":\"FFIL\"},{\"@type\":\"BreadcrumbList\",\"@id\":\"https:\\\/\\\/paradiseisnotlost.com\\\/bzh\\\/event-garage-a-confettis-ffil\\\/#breadcrumb\",\"itemListElement\":[{\"@type\":\"ListItem\",\"position\":1,\"name\":\"Accueil\",\"item\":\"https:\\\/\\\/paradiseisnotlost.com\\\/bzh\\\/\"},{\"@type\":\"ListItem\",\"position\":2,\"name\":\"ACTU\",\"item\":\"https:\\\/\\\/paradiseisnotlost.com\\\/bzh\\\/category\\\/actu-sud-bretagne\\\/\"},{\"@type\":\"ListItem\",\"position\":3,\"name\":\"Event &#8211; GARAGE \u00c0 CONFETTIS &#8211; FFIL\"}]},{\"@type\":\"WebSite\",\"@id\":\"https:\\\/\\\/paradiseisnotlost.com\\\/bzh\\\/#website\",\"url\":\"https:\\\/\\\/paradiseisnotlost.com\\\/bzh\\\/\",\"name\":\"Paradise is not lost, we design it ! Sud BZH\",\"description\":\"Digital Design : Agence | Art-Shop | Events | Showroom\",\"publisher\":{\"@id\":\"https:\\\/\\\/paradiseisnotlost.com\\\/bzh\\\/#organization\"},\"potentialAction\":[{\"@type\":\"SearchAction\",\"target\":{\"@type\":\"EntryPoint\",\"urlTemplate\":\"https:\\\/\\\/paradiseisnotlost.com\\\/bzh\\\/?s={search_term_string}\"},\"query-input\":{\"@type\":\"PropertyValueSpecification\",\"valueRequired\":true,\"valueName\":\"search_term_string\"}}],\"inLanguage\":\"fr-FR\"},{\"@type\":\"Organization\",\"@id\":\"https:\\\/\\\/paradiseisnotlost.com\\\/bzh\\\/#organization\",\"name\":\"Paradiseisnotlost\",\"url\":\"https:\\\/\\\/paradiseisnotlost.com\\\/bzh\\\/\",\"logo\":{\"@type\":\"ImageObject\",\"inLanguage\":\"fr-FR\",\"@id\":\"https:\\\/\\\/paradiseisnotlost.com\\\/bzh\\\/#\\\/schema\\\/logo\\\/image\\\/\",\"url\":\"https:\\\/\\\/paradiseisnotlost.com\\\/bzh\\\/wp-content\\\/uploads\\\/2019\\\/05\\\/19_logo_logo_entet-web_010.png\",\"contentUrl\":\"https:\\\/\\\/paradiseisnotlost.com\\\/bzh\\\/wp-content\\\/uploads\\\/2019\\\/05\\\/19_logo_logo_entet-web_010.png\",\"width\":129,\"height\":60,\"caption\":\"Paradiseisnotlost\"},\"image\":{\"@id\":\"https:\\\/\\\/paradiseisnotlost.com\\\/bzh\\\/#\\\/schema\\\/logo\\\/image\\\/\"},\"sameAs\":[\"https:\\\/\\\/www.facebook.com\\\/laptitecalifornie.fr\\\/\",\"https:\\\/\\\/x.com\\\/Ptitecalifornie\",\"https:\\\/\\\/www.instagram.com\\\/paradiseisnotlost44\\\/\",\"https:\\\/\\\/www.pinterest.fr\\\/paradiseisnotlost\\\/\"]},{\"@type\":\"Person\",\"@id\":\"https:\\\/\\\/paradiseisnotlost.com\\\/bzh\\\/#\\\/schema\\\/person\\\/411e1530ab170d0f473410a600db370b\",\"name\":\"Eric-Philippe\",\"image\":{\"@type\":\"ImageObject\",\"inLanguage\":\"fr-FR\",\"@id\":\"https:\\\/\\\/secure.gravatar.com\\\/avatar\\\/bc345ce7c4dedc665388df7c6463570aee757699e404f49bc91bcd5c20147e72?s=96&d=identicon&r=g\",\"url\":\"https:\\\/\\\/secure.gravatar.com\\\/avatar\\\/bc345ce7c4dedc665388df7c6463570aee757699e404f49bc91bcd5c20147e72?s=96&d=identicon&r=g\",\"contentUrl\":\"https:\\\/\\\/secure.gravatar.com\\\/avatar\\\/bc345ce7c4dedc665388df7c6463570aee757699e404f49bc91bcd5c20147e72?s=96&d=identicon&r=g\",\"caption\":\"Eric-Philippe\"},\"sameAs\":[\"https:\\\/\\\/www.facebook.com\\\/ericphilippeloiselet\"],\"url\":\"https:\\\/\\\/paradiseisnotlost.com\\\/bzh\\\/author\\\/ep\\\/\"}]}<\/script>\n<!-- \/ Yoast SEO plugin. -->","yoast_head_json":{"title":"Event - GARAGE \u00c0 CONFETTIS - FFIL - #lechicestlocal","description":"Boutique \u00e9ph\u00e9m\u00e8re de cr\u00e9ateurs - Le Garage \u00e0 Confettis du 7 au 22 d\u00e9cembre 2019 au Garage \u00e0 Saint-Nazaire en Petite Californie Bretonne. FFIL","robots":{"index":"index","follow":"follow","max-snippet":"max-snippet:-1","max-image-preview":"max-image-preview:large","max-video-preview":"max-video-preview:-1"},"canonical":"https:\/\/paradiseisnotlost.com\/bzh\/event-garage-a-confettis-ffil\/","og_locale":"fr_FR","og_type":"article","og_title":"Event - GARAGE \u00c0 CONFETTIS - FFIL - #lechicestlocal","og_description":"Boutique \u00e9ph\u00e9m\u00e8re de cr\u00e9ateurs - Le Garage \u00e0 Confettis du 7 au 22 d\u00e9cembre 2019 au Garage \u00e0 Saint-Nazaire en Petite Californie Bretonne. FFIL","og_url":"https:\/\/paradiseisnotlost.com\/bzh\/event-garage-a-confettis-ffil\/","og_site_name":"Paradise is not lost, we design it ! Sud BZH","article_publisher":"https:\/\/www.facebook.com\/laptitecalifornie.fr\/","article_author":"https:\/\/www.facebook.com\/ericphilippeloiselet","article_published_time":"2019-12-12T17:15:38+00:00","article_modified_time":"2025-12-11T07:06:52+00:00","og_image":[{"width":960,"height":960,"url":"https:\/\/paradiseisnotlost.com\/bzh\/wp-content\/uploads\/2019\/12\/Spots_0.jpg","type":"image\/jpeg"}],"author":"Eric-Philippe","twitter_card":"summary_large_image","twitter_creator":"@Ptitecalifornie","twitter_site":"@Ptitecalifornie","twitter_misc":{"\u00c9crit par":"Eric-Philippe","Dur\u00e9e de lecture estim\u00e9e":"1 minute"},"schema":{"@context":"https:\/\/schema.org","@graph":[{"@type":"Article","@id":"https:\/\/paradiseisnotlost.com\/bzh\/event-garage-a-confettis-ffil\/#article","isPartOf":{"@id":"https:\/\/paradiseisnotlost.com\/bzh\/event-garage-a-confettis-ffil\/"},"author":{"name":"Eric-Philippe","@id":"https:\/\/paradiseisnotlost.com\/bzh\/#\/schema\/person\/411e1530ab170d0f473410a600db370b"},"headline":"Event &#8211; GARAGE \u00c0 CONFETTIS &#8211; FFIL","datePublished":"2019-12-12T17:15:38+00:00","dateModified":"2025-12-11T07:06:52+00:00","mainEntityOfPage":{"@id":"https:\/\/paradiseisnotlost.com\/bzh\/event-garage-a-confettis-ffil\/"},"wordCount":288,"publisher":{"@id":"https:\/\/paradiseisnotlost.com\/bzh\/#organization"},"image":{"@id":"https:\/\/paradiseisnotlost.com\/bzh\/event-garage-a-confettis-ffil\/#primaryimage"},"thumbnailUrl":"https:\/\/paradiseisnotlost.com\/bzh\/wp-content\/uploads\/2019\/12\/Spots_0.jpg","keywords":["Affiches","Boutique","Boutique \u00c9ph\u00e9m\u00e8re","Cuir","\u00c9v\u00e9nements","Expo","Expo-Vente","La Petite Californie Bretonne","Le Garage","Le Garage \u00e0 Confettis","Mode","Sacs","Saint-Nazaire"],"articleSection":["ACTU"],"inLanguage":"fr-FR"},{"@type":"WebPage","@id":"https:\/\/paradiseisnotlost.com\/bzh\/event-garage-a-confettis-ffil\/","url":"https:\/\/paradiseisnotlost.com\/bzh\/event-garage-a-confettis-ffil\/","name":"Event - GARAGE \u00c0 CONFETTIS - FFIL - #lechicestlocal","isPartOf":{"@id":"https:\/\/paradiseisnotlost.com\/bzh\/#website"},"primaryImageOfPage":{"@id":"https:\/\/paradiseisnotlost.com\/bzh\/event-garage-a-confettis-ffil\/#primaryimage"},"image":{"@id":"https:\/\/paradiseisnotlost.com\/bzh\/event-garage-a-confettis-ffil\/#primaryimage"},"thumbnailUrl":"https:\/\/paradiseisnotlost.com\/bzh\/wp-content\/uploads\/2019\/12\/Spots_0.jpg","datePublished":"2019-12-12T17:15:38+00:00","dateModified":"2025-12-11T07:06:52+00:00","description":"Boutique \u00e9ph\u00e9m\u00e8re de cr\u00e9ateurs - Le Garage \u00e0 Confettis du 7 au 22 d\u00e9cembre 2019 au Garage \u00e0 Saint-Nazaire en Petite Californie Bretonne. FFIL","breadcrumb":{"@id":"https:\/\/paradiseisnotlost.com\/bzh\/event-garage-a-confettis-ffil\/#breadcrumb"},"inLanguage":"fr-FR","potentialAction":[{"@type":"ReadAction","target":["https:\/\/paradiseisnotlost.com\/bzh\/event-garage-a-confettis-ffil\/"]}]},{"@type":"ImageObject","inLanguage":"fr-FR","@id":"https:\/\/paradiseisnotlost.com\/bzh\/event-garage-a-confettis-ffil\/#primaryimage","url":"https:\/\/paradiseisnotlost.com\/bzh\/wp-content\/uploads\/2019\/12\/Spots_0.jpg","contentUrl":"https:\/\/paradiseisnotlost.com\/bzh\/wp-content\/uploads\/2019\/12\/Spots_0.jpg","width":960,"height":960,"caption":"FFIL"},{"@type":"BreadcrumbList","@id":"https:\/\/paradiseisnotlost.com\/bzh\/event-garage-a-confettis-ffil\/#breadcrumb","itemListElement":[{"@type":"ListItem","position":1,"name":"Accueil","item":"https:\/\/paradiseisnotlost.com\/bzh\/"},{"@type":"ListItem","position":2,"name":"ACTU","item":"https:\/\/paradiseisnotlost.com\/bzh\/category\/actu-sud-bretagne\/"},{"@type":"ListItem","position":3,"name":"Event &#8211; GARAGE \u00c0 CONFETTIS &#8211; FFIL"}]},{"@type":"WebSite","@id":"https:\/\/paradiseisnotlost.com\/bzh\/#website","url":"https:\/\/paradiseisnotlost.com\/bzh\/","name":"Paradise is not lost, we design it ! Sud BZH","description":"Digital Design : Agence | Art-Shop | Events | Showroom","publisher":{"@id":"https:\/\/paradiseisnotlost.com\/bzh\/#organization"},"potentialAction":[{"@type":"SearchAction","target":{"@type":"EntryPoint","urlTemplate":"https:\/\/paradiseisnotlost.com\/bzh\/?s={search_term_string}"},"query-input":{"@type":"PropertyValueSpecification","valueRequired":true,"valueName":"search_term_string"}}],"inLanguage":"fr-FR"},{"@type":"Organization","@id":"https:\/\/paradiseisnotlost.com\/bzh\/#organization","name":"Paradiseisnotlost","url":"https:\/\/paradiseisnotlost.com\/bzh\/","logo":{"@type":"ImageObject","inLanguage":"fr-FR","@id":"https:\/\/paradiseisnotlost.com\/bzh\/#\/schema\/logo\/image\/","url":"https:\/\/paradiseisnotlost.com\/bzh\/wp-content\/uploads\/2019\/05\/19_logo_logo_entet-web_010.png","contentUrl":"https:\/\/paradiseisnotlost.com\/bzh\/wp-content\/uploads\/2019\/05\/19_logo_logo_entet-web_010.png","width":129,"height":60,"caption":"Paradiseisnotlost"},"image":{"@id":"https:\/\/paradiseisnotlost.com\/bzh\/#\/schema\/logo\/image\/"},"sameAs":["https:\/\/www.facebook.com\/laptitecalifornie.fr\/","https:\/\/x.com\/Ptitecalifornie","https:\/\/www.instagram.com\/paradiseisnotlost44\/","https:\/\/www.pinterest.fr\/paradiseisnotlost\/"]},{"@type":"Person","@id":"https:\/\/paradiseisnotlost.com\/bzh\/#\/schema\/person\/411e1530ab170d0f473410a600db370b","name":"Eric-Philippe","image":{"@type":"ImageObject","inLanguage":"fr-FR","@id":"https:\/\/secure.gravatar.com\/avatar\/bc345ce7c4dedc665388df7c6463570aee757699e404f49bc91bcd5c20147e72?s=96&d=identicon&r=g","url":"https:\/\/secure.gravatar.com\/avatar\/bc345ce7c4dedc665388df7c6463570aee757699e404f49bc91bcd5c20147e72?s=96&d=identicon&r=g","contentUrl":"https:\/\/secure.gravatar.com\/avatar\/bc345ce7c4dedc665388df7c6463570aee757699e404f49bc91bcd5c20147e72?s=96&d=identicon&r=g","caption":"Eric-Philippe"},"sameAs":["https:\/\/www.facebook.com\/ericphilippeloiselet"],"url":"https:\/\/paradiseisnotlost.com\/bzh\/author\/ep\/"}]}},"_links":{"self":[{"href":"https:\/\/paradiseisnotlost.com\/bzh\/wp-json\/wp\/v2\/posts\/15334","targetHints":{"allow":["GET"]}}],"collection":[{"href":"https:\/\/paradiseisnotlost.com\/bzh\/wp-json\/wp\/v2\/posts"}],"about":[{"href":"https:\/\/paradiseisnotlost.com\/bzh\/wp-json\/wp\/v2\/types\/post"}],"author":[{"embeddable":true,"href":"https:\/\/paradiseisnotlost.com\/bzh\/wp-json\/wp\/v2\/users\/2"}],"replies":[{"embeddable":true,"href":"https:\/\/paradiseisnotlost.com\/bzh\/wp-json\/wp\/v2\/comments?post=15334"}],"version-history":[{"count":1,"href":"https:\/\/paradiseisnotlost.com\/bzh\/wp-json\/wp\/v2\/posts\/15334\/revisions"}],"predecessor-version":[{"id":56203,"href":"https:\/\/paradiseisnotlost.com\/bzh\/wp-json\/wp\/v2\/posts\/15334\/revisions\/56203"}],"wp:featuredmedia":[{"embeddable":true,"href":"https:\/\/paradiseisnotlost.com\/bzh\/wp-json\/wp\/v2\/media\/15338"}],"wp:attachment":[{"href":"https:\/\/paradiseisnotlost.com\/bzh\/wp-json\/wp\/v2\/media?parent=15334"}],"wp:term":[{"taxonomy":"category","embeddable":true,"href":"https:\/\/paradiseisnotlost.com\/bzh\/wp-json\/wp\/v2\/categories?post=15334"},{"taxonomy":"post_tag","embeddable":true,"href":"https:\/\/paradiseisnotlost.com\/bzh\/wp-json\/wp\/v2\/tags?post=15334"}],"curies":[{"name":"wp","href":"https:\/\/api.w.org\/{rel}","templated":true}]}}