{"id":54595,"date":"2021-12-11T22:08:41","date_gmt":"2021-12-11T21:08:41","guid":{"rendered":"https:\/\/paradiseisnotlost.com\/bzh\/?p=54595"},"modified":"2025-12-11T07:55:48","modified_gmt":"2025-12-11T06:55:48","slug":"event-garage-a-confettis-2021","status":"publish","type":"post","link":"https:\/\/paradiseisnotlost.com\/bzh\/event-garage-a-confettis-2021\/","title":{"rendered":"Event &#8211; BOUTIQUE \u00c9PH\u00c9M\u00c8RE DE 32 CR\u00c9ATEURS LOCAUX"},"content":{"rendered":"<h4 style=\"text-align: center;\"><span style=\"color: #999999;\">Event<\/span><\/h4>\n<h2 style=\"text-align: center;\">LE GARAGE A CONFETTIS<\/h2>\n<h3 style=\"text-align: center;\">32 cr\u00e9ateurs locaux<br \/>\nDu 4 au 22 d\u00e9cembre 2021<br \/>\n<a href=\"https:\/\/paradiseisnotlost.com\/bzh\/le-garage-saint-nazaire\/\">Le Garage<\/a> &#8211; Saint-Nazaire<\/h3>\n<p><iframe loading=\"lazy\" title=\"Le Garage \u00e0 Confettis 21\" width=\"1170\" height=\"658\" src=\"https:\/\/www.youtube.com\/embed\/1h6cSZGB4II?feature=oembed\" frameborder=\"0\" allow=\"accelerometer; autoplay; clipboard-write; encrypted-media; gyroscope; picture-in-picture\" allowfullscreen><\/iframe><\/p>\n<h4 style=\"text-align: center;\"><em>10:00h\/19:00h tous les jours sauf le lundi de 14:00h \u00e0 19:00h<\/em><\/h4>\n<div><ul class=\"row masonry masonry-show project-content project-masonry-full\" data-gallery-title=\"Event &#8211; BOUTIQUE \u00c9PH\u00c9M\u00c8RE DE 32 CR\u00c9ATEURS LOCAUX\"><li class=\"col-md-4 col-sm-6 masonry-item project\"><a href=\"https:\/\/paradiseisnotlost.com\/bzh\/wp-content\/uploads\/2021\/12\/confettis_071.jpg\" data-lightbox=\"true\" data-title=\"Le Garage \u00e0 Confettis du 4 au 22\/12\/21\">\n\t\t\t\t\t\t\t\t\t\t<div class=\"image-box hover-block text-center\">\n\t\t\t\t\t\t\t\t\t\t    <img decoding=\"async\" src=\"https:\/\/paradiseisnotlost.com\/bzh\/wp-content\/uploads\/2021\/12\/confettis_071.jpg\" alt=\"gallery-item\" \/>\n\t\t\t\t\t\t\t\t\t\t    <div class=\"hover-state pointer\"><i class=\"color-white ms-text ti-plus\"><\/i><\/div>\n\t\t\t\t\t\t\t\t\t\t<\/div>\n\t\t\t\t\t\t\t\t\t<\/a><\/li><li class=\"col-md-4 col-sm-6 masonry-item project\"><a href=\"https:\/\/paradiseisnotlost.com\/bzh\/wp-content\/uploads\/2021\/12\/21-12-19_confettis_01.jpg\" data-lightbox=\"true\" data-title=\"Garage \u00e0 Confettis 2021 March\u00e9 de cr\u00e9ateurs locaux\">\n\t\t\t\t\t\t\t\t\t\t<div class=\"image-box hover-block text-center\">\n\t\t\t\t\t\t\t\t\t\t    <img decoding=\"async\" src=\"https:\/\/paradiseisnotlost.com\/bzh\/wp-content\/uploads\/2021\/12\/21-12-19_confettis_01.jpg\" alt=\"gallery-item\" \/>\n\t\t\t\t\t\t\t\t\t\t    <div class=\"hover-state pointer\"><i class=\"color-white ms-text ti-plus\"><\/i><\/div>\n\t\t\t\t\t\t\t\t\t\t<\/div>\n\t\t\t\t\t\t\t\t\t<\/a><\/li><li class=\"col-md-4 col-sm-6 masonry-item project\"><a href=\"https:\/\/paradiseisnotlost.com\/bzh\/wp-content\/uploads\/2021\/12\/flyer_03.jpg\" data-lightbox=\"true\" data-title=\"Garage \u00e0 Confettis 2021 March\u00e9 de cr\u00e9ateurs locaux\">\n\t\t\t\t\t\t\t\t\t\t<div class=\"image-box hover-block text-center\">\n\t\t\t\t\t\t\t\t\t\t    <img decoding=\"async\" src=\"https:\/\/paradiseisnotlost.com\/bzh\/wp-content\/uploads\/2021\/12\/flyer_03.jpg\" alt=\"gallery-item\" \/>\n\t\t\t\t\t\t\t\t\t\t    <div class=\"hover-state pointer\"><i class=\"color-white ms-text ti-plus\"><\/i><\/div>\n\t\t\t\t\t\t\t\t\t\t<\/div>\n\t\t\t\t\t\t\t\t\t<\/a><\/li><li class=\"col-md-4 col-sm-6 masonry-item project\"><a href=\"https:\/\/paradiseisnotlost.com\/bzh\/wp-content\/uploads\/2021\/12\/flyer_05.jpg\" data-lightbox=\"true\" data-title=\"Le Garage \u00e0 Confettis du 4 au 22\/12\/21\">\n\t\t\t\t\t\t\t\t\t\t<div class=\"image-box hover-block text-center\">\n\t\t\t\t\t\t\t\t\t\t    <img decoding=\"async\" src=\"https:\/\/paradiseisnotlost.com\/bzh\/wp-content\/uploads\/2021\/12\/flyer_05.jpg\" alt=\"gallery-item\" \/>\n\t\t\t\t\t\t\t\t\t\t    <div class=\"hover-state pointer\"><i class=\"color-white ms-text ti-plus\"><\/i><\/div>\n\t\t\t\t\t\t\t\t\t\t<\/div>\n\t\t\t\t\t\t\t\t\t<\/a><\/li><li class=\"col-md-4 col-sm-6 masonry-item project\"><a href=\"https:\/\/paradiseisnotlost.com\/bzh\/wp-content\/uploads\/2021\/11\/21-12-19_08.jpg\" data-lightbox=\"true\" data-title=\"Garage \u00e0 Confettis 2021 March\u00e9 de cr\u00e9ateurs locaux\">\n\t\t\t\t\t\t\t\t\t\t<div class=\"image-box hover-block text-center\">\n\t\t\t\t\t\t\t\t\t\t    <img decoding=\"async\" src=\"https:\/\/paradiseisnotlost.com\/bzh\/wp-content\/uploads\/2021\/11\/21-12-19_08.jpg\" alt=\"gallery-item\" \/>\n\t\t\t\t\t\t\t\t\t\t    <div class=\"hover-state pointer\"><i class=\"color-white ms-text ti-plus\"><\/i><\/div>\n\t\t\t\t\t\t\t\t\t\t<\/div>\n\t\t\t\t\t\t\t\t\t<\/a><\/li><li class=\"col-md-4 col-sm-6 masonry-item project\"><a href=\"https:\/\/paradiseisnotlost.com\/bzh\/wp-content\/uploads\/2021\/12\/confettis_061.jpg\" data-lightbox=\"true\" data-title=\"Le Garage \u00e0 Confettis du 4 au 22\/12\/21\">\n\t\t\t\t\t\t\t\t\t\t<div class=\"image-box hover-block text-center\">\n\t\t\t\t\t\t\t\t\t\t    <img decoding=\"async\" src=\"https:\/\/paradiseisnotlost.com\/bzh\/wp-content\/uploads\/2021\/12\/confettis_061.jpg\" alt=\"gallery-item\" \/>\n\t\t\t\t\t\t\t\t\t\t    <div class=\"hover-state pointer\"><i class=\"color-white ms-text ti-plus\"><\/i><\/div>\n\t\t\t\t\t\t\t\t\t\t<\/div>\n\t\t\t\t\t\t\t\t\t<\/a><\/li><li class=\"col-md-4 col-sm-6 masonry-item project\"><a href=\"https:\/\/paradiseisnotlost.com\/bzh\/wp-content\/uploads\/2021\/12\/flyer_02.jpg\" data-lightbox=\"true\" data-title=\"Garage \u00e0 Confettis 2021 March\u00e9 de cr\u00e9ateurs locaux\">\n\t\t\t\t\t\t\t\t\t\t<div class=\"image-box hover-block text-center\">\n\t\t\t\t\t\t\t\t\t\t    <img decoding=\"async\" src=\"https:\/\/paradiseisnotlost.com\/bzh\/wp-content\/uploads\/2021\/12\/flyer_02.jpg\" alt=\"gallery-item\" \/>\n\t\t\t\t\t\t\t\t\t\t    <div class=\"hover-state pointer\"><i class=\"color-white ms-text ti-plus\"><\/i><\/div>\n\t\t\t\t\t\t\t\t\t\t<\/div>\n\t\t\t\t\t\t\t\t\t<\/a><\/li><li class=\"col-md-4 col-sm-6 masonry-item project\"><a href=\"https:\/\/paradiseisnotlost.com\/bzh\/wp-content\/uploads\/2021\/12\/declinaison_960x1280_01.jpg\" data-lightbox=\"true\" data-title=\"Vente fash affiches et cadres\">\n\t\t\t\t\t\t\t\t\t\t<div class=\"image-box hover-block text-center\">\n\t\t\t\t\t\t\t\t\t\t    <img decoding=\"async\" src=\"https:\/\/paradiseisnotlost.com\/bzh\/wp-content\/uploads\/2021\/12\/declinaison_960x1280_01.jpg\" alt=\"gallery-item\" \/>\n\t\t\t\t\t\t\t\t\t\t    <div class=\"hover-state pointer\"><i class=\"color-white ms-text ti-plus\"><\/i><\/div>\n\t\t\t\t\t\t\t\t\t\t<\/div>\n\t\t\t\t\t\t\t\t\t<\/a><\/li><\/ul><\/div>\n<hr \/>\n<h2 style=\"text-align: center;\"><a href=\"https:\/\/paradiseisnotlost.com\/bzh\/event-new-dimanche-af-faire\/\">VENTE FLASH AFFICHES &amp; TIRAGES D&rsquo;ART<\/a><\/h2>\n<h1 style=\"text-align: center;\"><a href=\"https:\/\/paradiseisnotlost.com\/bzh\/event-new-dimanche-af-faire\/\">Samedi 18, Dimanche 19 et Mardi 21 d\u00e9cembre<\/a><\/h1>\n<h4 style=\"text-align: center;\"><strong><a href=\"https:\/\/paradiseisnotlost.com\/bzh\/digital-artshop\/catalogue-boutique\/\">Paradiseisnotlost<\/a><\/strong><\/h4>\n<div id=\"attachment_51635\" style=\"width: 209px\" class=\"wp-caption aligncenter\"><img loading=\"lazy\" decoding=\"async\" aria-describedby=\"caption-attachment-51635\" class=\"wp-image-51635 size-full\" src=\"https:\/\/paradiseisnotlost.com\/bzh\/wp-content\/uploads\/2020\/07\/19_logo_accueil_199.png\" alt=\"Paradise is not lost, we design it!\" width=\"199\" height=\"104\" \/><p id=\"caption-attachment-51635\" class=\"wp-caption-text\">Sud BZH<\/p><\/div>\n<h3 style=\"text-align: center;\"><em>Affiches, encadrements et tirages d&rsquo;art personnalis\u00e9s<\/em><\/h3>\n<blockquote><p>Tous formats sur multiples supports: <strong>Papier d\u2019art<\/strong> (Hahnem\u00fchle Torchon, ultraHD, Kodak Metallic, Fuji Crystal), <strong>Alu-Dibond, alu-bross\u00e9, b\u00e2che, bois, toile, verre acrylique\u2026<\/strong><\/p><\/blockquote>\n<h2 style=\"text-align: center;\"><strong><a href=\"https:\/\/paradiseisnotlost.com\/bzh\/digital-artshop\/collections-affiches\/\">Les Collections<\/a><\/strong><\/h2>\n<p style=\"text-align: center;\"><div class=\"woocommerce columns-3\"><ul class=\"products columns-3\">\n<li class=\"product-category product first\">\n\t<a aria-label=\"Acc\u00e9der \u00e0 la cat\u00e9gorie de produits PETITE CALIFORNIE BZH\" href=\"https:\/\/paradiseisnotlost.com\/bzh\/categorie-produit\/la-petite-californie-bretonne\/\"><img decoding=\"async\" src=\"https:\/\/paradiseisnotlost.com\/bzh\/wp-content\/uploads\/2025\/08\/25_col_LPCB.jpg\" alt=\"PETITE CALIFORNIE BZH\" width=\"1512\" height=\"\" srcset=\"https:\/\/paradiseisnotlost.com\/bzh\/wp-content\/uploads\/2025\/08\/25_col_LPCB.jpg 960w, https:\/\/paradiseisnotlost.com\/bzh\/wp-content\/uploads\/2025\/08\/25_col_LPCB-225x300.jpg 225w, https:\/\/paradiseisnotlost.com\/bzh\/wp-content\/uploads\/2025\/08\/25_col_LPCB-720x960.jpg 720w, https:\/\/paradiseisnotlost.com\/bzh\/wp-content\/uploads\/2025\/08\/25_col_LPCB-768x1024.jpg 768w\" sizes=\"(max-width: 960px) 100vw, 960px\" \/>\t\t<h2 class=\"woocommerce-loop-category__title\">\n\t\t\tPETITE CALIFORNIE BZH <mark class=\"count\">(54)<\/mark>\t\t<\/h2>\n\t\t<\/a><\/li>\n<li class=\"product-category product\">\n\t<a aria-label=\"Acc\u00e9der \u00e0 la cat\u00e9gorie de produits C\u00d4TE D&#039;AMOUR BZH\" href=\"https:\/\/paradiseisnotlost.com\/bzh\/categorie-produit\/collection-cote-damour\/\"><img decoding=\"async\" src=\"https:\/\/paradiseisnotlost.com\/bzh\/wp-content\/uploads\/2025\/08\/25_col_CDA.jpg\" alt=\"C\u00d4TE D&#039;AMOUR BZH\" width=\"1512\" height=\"\" srcset=\"https:\/\/paradiseisnotlost.com\/bzh\/wp-content\/uploads\/2025\/08\/25_col_CDA.jpg 960w, https:\/\/paradiseisnotlost.com\/bzh\/wp-content\/uploads\/2025\/08\/25_col_CDA-225x300.jpg 225w, https:\/\/paradiseisnotlost.com\/bzh\/wp-content\/uploads\/2025\/08\/25_col_CDA-720x960.jpg 720w, https:\/\/paradiseisnotlost.com\/bzh\/wp-content\/uploads\/2025\/08\/25_col_CDA-768x1024.jpg 768w\" sizes=\"(max-width: 960px) 100vw, 960px\" \/>\t\t<h2 class=\"woocommerce-loop-category__title\">\n\t\t\tC\u00d4TE D&#039;AMOUR BZH <mark class=\"count\">(28)<\/mark>\t\t<\/h2>\n\t\t<\/a><\/li>\n<li class=\"product-category product last\">\n\t<a aria-label=\"Acc\u00e9der \u00e0 la cat\u00e9gorie de produits SUD BRETAGNE\" href=\"https:\/\/paradiseisnotlost.com\/bzh\/categorie-produit\/affiche-sud-bretagne\/\"><img decoding=\"async\" src=\"https:\/\/paradiseisnotlost.com\/bzh\/wp-content\/uploads\/2025\/08\/25_col_Sud-Bretagne_01.jpg\" alt=\"SUD BRETAGNE\" width=\"1512\" height=\"\" srcset=\"https:\/\/paradiseisnotlost.com\/bzh\/wp-content\/uploads\/2025\/08\/25_col_Sud-Bretagne_01.jpg 960w, https:\/\/paradiseisnotlost.com\/bzh\/wp-content\/uploads\/2025\/08\/25_col_Sud-Bretagne_01-225x300.jpg 225w, https:\/\/paradiseisnotlost.com\/bzh\/wp-content\/uploads\/2025\/08\/25_col_Sud-Bretagne_01-720x960.jpg 720w, https:\/\/paradiseisnotlost.com\/bzh\/wp-content\/uploads\/2025\/08\/25_col_Sud-Bretagne_01-768x1024.jpg 768w\" sizes=\"(max-width: 960px) 100vw, 960px\" \/>\t\t<h2 class=\"woocommerce-loop-category__title\">\n\t\t\tSUD BRETAGNE <mark class=\"count\">(22)<\/mark>\t\t<\/h2>\n\t\t<\/a><\/li>\n<\/ul>\n<\/div>\n<p style=\"text-align: center;\"><em>Organisateur<\/em><\/p>\n<h4 style=\"text-align: center;\"><a href=\"https:\/\/www.facebook.com\/dynamo.legarageaconfettis\/\" target=\"_blank\" rel=\"noopener\">Le Garage \u00e0 Confettis<\/a><\/h4>\n<p style=\"text-align: center;\"><a href=\"https:\/\/www.facebook.com\/dynamo.legarageaconfettis\/\" target=\"_blank\" rel=\"22\/12\/21 4 Confettis Garage Le au du noopener \u00e0\"><img loading=\"lazy\" decoding=\"async\" class=\"aligncenter wp-image-54593 size-full\" title=\"Le Garage \u00e0 Confettis du 4 au 22\/12\/21\" src=\"https:\/\/paradiseisnotlost.com\/bzh\/wp-content\/uploads\/2021\/12\/flyer_01.jpg\" alt=\"Le Garage \u00e0 Confettis du 4 au 22\/12\/21\" width=\"1280\" height=\"486\" srcset=\"https:\/\/paradiseisnotlost.com\/bzh\/wp-content\/uploads\/2021\/12\/flyer_01.jpg 1280w, https:\/\/paradiseisnotlost.com\/bzh\/wp-content\/uploads\/2021\/12\/flyer_01-1080x410.jpg 1080w, https:\/\/paradiseisnotlost.com\/bzh\/wp-content\/uploads\/2021\/12\/flyer_01-960x365.jpg 960w, https:\/\/paradiseisnotlost.com\/bzh\/wp-content\/uploads\/2021\/12\/flyer_01-300x114.jpg 300w, https:\/\/paradiseisnotlost.com\/bzh\/wp-content\/uploads\/2021\/12\/flyer_01-768x292.jpg 768w\" sizes=\"auto, (max-width: 1280px) 100vw, 1280px\" \/><\/a><br \/>\n<em>avec<\/em><\/p>\n<h4 style=\"text-align: center;\"><a href=\"https:\/\/paradiseisnotlost.com\/bzh\/webspot-metropolis-records\/\"><strong>Metropolis records<\/strong><\/a><\/h4>\n<div id=\"attachment_12972\" style=\"width: 160px\" class=\"wp-caption aligncenter\"><a href=\"https:\/\/paradiseisnotlost.com\/bzh\/webspot-metropolis-records\/\"><img loading=\"lazy\" decoding=\"async\" aria-describedby=\"caption-attachment-12972\" class=\"wp-image-12972 size-thumbnail\" src=\"https:\/\/paradiseisnotlost.com\/bzh\/wp-content\/uploads\/2019\/11\/logo-metropolis-records-150x150.png\" alt=\"Metropolis Records\" width=\"150\" height=\"150\" srcset=\"https:\/\/paradiseisnotlost.com\/bzh\/wp-content\/uploads\/2019\/11\/logo-metropolis-records-150x150.png 150w, https:\/\/paradiseisnotlost.com\/bzh\/wp-content\/uploads\/2019\/11\/logo-metropolis-records-100x100.png 100w, https:\/\/paradiseisnotlost.com\/bzh\/wp-content\/uploads\/2019\/11\/logo-metropolis-records-60x60.png 60w, https:\/\/paradiseisnotlost.com\/bzh\/wp-content\/uploads\/2019\/11\/logo-metropolis-records.png 250w\" sizes=\"auto, (max-width: 150px) 100vw, 150px\" \/><\/a><p id=\"caption-attachment-12972\" class=\"wp-caption-text\">Metropolis Records disquaire Le Garage Saint-Nazaire<\/p><\/div>\n<h3 style=\"text-align: center;\"><em>Disques vinyles achats\/ventes<\/em><\/h3>\n<p style=\"text-align: center;\"><em>Ouvert au public selon les r\u00e8gles sanitaires du moment.<\/em><\/p>\n<h2 style=\"text-align: center;\"><strong><a href=\"https:\/\/paradiseisnotlost.com\/bzh\/event-dimanches-af-faire\/\">Archives des Dimanches Af-FAIRE<\/a><\/strong><\/h2>\n<h4 style=\"text-align: center;\"><strong>Suivez-nous sur les pages FB : <a href=\"https:\/\/www.facebook.com\/Legaragesaintnazaire\/\" target=\"_blank\" rel=\"noopener\">Le Garage<\/a> &amp; <a href=\"https:\/\/www.facebook.com\/lapetitecaliforniebzh\" target=\"_blank\" rel=\"noopener\">La Petite Californie BZH<\/a><\/strong><\/h4>\n<hr \/>\n<h3 style=\"text-align: center;\">COORDONN\u00c9ES<\/h3>\n<h4 style=\"text-align: center;\">Showroom Paradiseisnotlost &#8211; <a href=\"https:\/\/paradiseisnotlost.com\/bzh\/le-garage-saint-nazaire\/\">Le Garage<\/a> 40 rue des Halles &#8211; 44600 Saint-Nazaire &#8211; FRA<\/h4>\n<h4 style=\"text-align: center;\">06 59 38 03 77<\/h4>\n<p><iframe loading=\"lazy\" src=\"https:\/\/www.google.com\/maps\/embed?pb=!1m18!1m12!1m3!1d2706.7903541432697!2d-2.2170950838738785!3d47.27935257916434!2m3!1f0!2f0!3f0!3m2!1i1024!2i768!4f13.1!3m3!1m2!1s0x48056f7e261f068d%3A0xa6e0a58111d7084e!2sParadiseisnotlost!5e0!3m2!1sfr!2sfr!4v1568661933621!5m2!1sfr!2sfr\" width=\"90%\" height=\"450\" frameborder=\"0\" allowfullscreen=\"allowfullscreen\" data-mce-fragment=\"1\"><\/iframe><\/p>\n<div><\/div>\n<hr \/>\n<h3 style=\"text-align: center;\">1<sup>er<\/sup> CONT@CT<\/h3>\n<p style=\"text-align: center;\"><em>Merci de remplir notre formulaire, nous vous r\u00e9pondrons dans les meilleurs d\u00e9lais.<\/em><\/p>\n<p style=\"text-align: center;\">\n<div class=\"wpcf7 no-js\" id=\"wpcf7-f50623-o1\" lang=\"en-US\" dir=\"ltr\" data-wpcf7-id=\"50623\">\n<div class=\"screen-reader-response\"><p role=\"status\" aria-live=\"polite\" aria-atomic=\"true\"><\/p> <ul><\/ul><\/div>\n<form action=\"\/bzh\/wp-json\/wp\/v2\/posts\/54595#wpcf7-f50623-o1\" method=\"post\" class=\"wpcf7-form init\" aria-label=\"Contact form\" novalidate=\"novalidate\" data-status=\"init\">\n<fieldset class=\"hidden-fields-container\"><input type=\"hidden\" name=\"_wpcf7\" value=\"50623\" \/><input type=\"hidden\" name=\"_wpcf7_version\" value=\"6.1.5\" \/><input type=\"hidden\" name=\"_wpcf7_locale\" value=\"en_US\" \/><input type=\"hidden\" name=\"_wpcf7_unit_tag\" value=\"wpcf7-f50623-o1\" \/><input type=\"hidden\" name=\"_wpcf7_container_post\" value=\"0\" \/><input type=\"hidden\" name=\"_wpcf7_posted_data_hash\" value=\"\" \/><input type=\"hidden\" name=\"_wpcf7_recaptcha_response\" value=\"\" \/>\n<\/fieldset>\n<p><span class=\"wpcf7-form-control-wrap\" data-name=\"Type2\"><select class=\"wpcf7-form-control wpcf7-select\" aria-invalid=\"false\" name=\"Type2\"><option value=\"Contact en tant que particulier\">Contact en tant que particulier<\/option><option value=\"Contact en tant que professionnel\">Contact en tant que professionnel<\/option><\/select><\/span>\n<\/p>\n<div class=\"overflow-hidden\">\n\t<div class=\"half-column half-column-left\">\n\t\t<p><span class=\"wpcf7-form-control-wrap\" data-name=\"your-name\"><input size=\"40\" maxlength=\"400\" class=\"wpcf7-form-control wpcf7-text wpcf7-validates-as-required\" aria-required=\"true\" aria-invalid=\"false\" placeholder=\"Nom*\" value=\"\" type=\"text\" name=\"your-name\" \/><\/span>\n\t\t<\/p>\n\t<\/div>\n\t<div class=\"half-column half-column-right\">\n\t\t<p><span class=\"wpcf7-form-control-wrap\" data-name=\"text-220\"><input size=\"40\" maxlength=\"400\" class=\"wpcf7-form-control wpcf7-text wpcf7-validates-as-required\" aria-required=\"true\" aria-invalid=\"false\" placeholder=\"Pr\u00e9nom*\" value=\"\" type=\"text\" name=\"text-220\" \/><\/span>\n\t\t<\/p>\n\t<\/div>\n\t<div class=\"half-column half-column-left\">\n\t\t<p><span class=\"wpcf7-form-control-wrap\" data-name=\"your-email\"><input size=\"40\" maxlength=\"400\" class=\"wpcf7-form-control wpcf7-email wpcf7-validates-as-required wpcf7-text wpcf7-validates-as-email\" aria-required=\"true\" aria-invalid=\"false\" placeholder=\"E-mail*\" value=\"\" type=\"email\" name=\"your-email\" \/><\/span>\n\t\t<\/p>\n\t<\/div>\n\t<div class=\"half-column half-column-right\">\n\t\t<p><span class=\"wpcf7-form-control-wrap\" data-name=\"tel-744\"><input size=\"40\" maxlength=\"400\" class=\"wpcf7-form-control wpcf7-tel wpcf7-validates-as-required wpcf7-text wpcf7-validates-as-tel\" aria-required=\"true\" aria-invalid=\"false\" placeholder=\"T\u00e9l.*\" value=\"\" type=\"tel\" name=\"tel-744\" \/><\/span>\n\t\t<\/p>\n\t<\/div>\n\t<div class=\"half-column half-column-left\">\n\t\t<p><span class=\"wpcf7-form-control-wrap\" data-name=\"your-subject\"><input size=\"40\" maxlength=\"400\" class=\"wpcf7-form-control wpcf7-text wpcf7-validates-as-required\" aria-required=\"true\" aria-invalid=\"false\" placeholder=\"Sujet*\" value=\"\" type=\"text\" name=\"your-subject\" \/><\/span>\n\t\t<\/p>\n\t<\/div>\n\t<div class=\"half-column half-column-right\">\n\t\t<p><span class=\"wpcf7-form-control-wrap\" data-name=\"Socit\"><input size=\"40\" maxlength=\"400\" class=\"wpcf7-form-control wpcf7-text\" aria-invalid=\"false\" placeholder=\"Soci\u00e9t\u00e9\" value=\"\" type=\"text\" name=\"Socit\" \/><\/span>\n\t\t<\/p>\n\t<\/div>\n<\/div>\n<p><span class=\"wpcf7-form-control-wrap\" data-name=\"date\"><input size=\"40\" maxlength=\"400\" class=\"wpcf7-form-control wpcf7-text\" aria-invalid=\"false\" placeholder=\"Date de RDV souhait\u00e9e\" value=\"\" type=\"text\" name=\"date\" \/><\/span><span class=\"wpcf7-form-control-wrap\" data-name=\"your-message\"><textarea cols=\"40\" rows=\"10\" maxlength=\"2000\" class=\"wpcf7-form-control wpcf7-textarea wpcf7-validates-as-required\" aria-required=\"true\" aria-invalid=\"false\" placeholder=\"Message*\" name=\"your-message\"><\/textarea><\/span>\n<\/p>\n<p class=\"aligncenter small-width\"><input class=\"wpcf7-form-control wpcf7-submit has-spinner\" type=\"submit\" value=\"Envoyer\" \/>\n<\/p><div class=\"wpcf7-response-output\" aria-hidden=\"true\"><\/div>\n<\/form>\n<\/div>\n<hr \/>\n<div class='mailmunch-forms-short-code mailmunch-forms-widget-959444' style='display: none !important;'><\/div>\n","protected":false},"excerpt":{"rendered":"<p>Le Garage \u00e0 Confettis 2021, 10:00h\/19:00h tous les jours sauf lundi 14:00h\/19:00h face au march\u00e9 central Saint-Nazaire<\/p>\n","protected":false},"author":2,"featured_media":54611,"comment_status":"closed","ping_status":"closed","sticky":false,"template":"","format":"standard","meta":{"footnotes":""},"categories":[17],"tags":[177,212,438,498,341,300,293,292,218,254,455,213,499],"class_list":["post-54595","post","type-post","status-publish","format-standard","has-post-thumbnail","hentry","category-actu-sud-bretagne","tag-affiches","tag-artiste","tag-dimanches-af-faire","tag-disques","tag-encadrement","tag-evenements","tag-expo","tag-expo-vente","tag-galerie-dart","tag-le-garage","tag-sculpture","tag-showroom","tag-vinyles"],"yoast_head":"<!-- This site is optimized with the Yoast SEO plugin v27.4 - https:\/\/yoast.com\/product\/yoast-seo-wordpress\/ -->\n<title>Event @ Le Garage \u00e0 Confettis Saint-Nazaire 2021<\/title>\n<meta name=\"description\" content=\"Le Garage \u00e0 Confettis 2021, 10:00h\/19:00h tous les jours sauf lundi 14:00h\/19:00h face au march\u00e9 central Saint-Nazaire\" \/>\n<meta name=\"robots\" content=\"index, follow, max-snippet:-1, max-image-preview:large, max-video-preview:-1\" \/>\n<link rel=\"canonical\" href=\"https:\/\/paradiseisnotlost.com\/bzh\/event-garage-a-confettis-2021\/\" \/>\n<meta property=\"og:locale\" content=\"fr_FR\" \/>\n<meta property=\"og:type\" content=\"article\" \/>\n<meta property=\"og:title\" content=\"Next Dimanche AF-FAIRE au Garage Saint-Nazaire\" \/>\n<meta property=\"og:description\" content=\"Click &amp; collect des commandes d&#039;affiches et cadres, expo-vente avec disquaire vinyles et invit\u00e9s surprises\" \/>\n<meta property=\"og:url\" content=\"https:\/\/paradiseisnotlost.com\/bzh\/event-garage-a-confettis-2021\/\" \/>\n<meta property=\"og:site_name\" content=\"Paradise is not lost, we design it ! Sud BZH\" \/>\n<meta property=\"article:publisher\" content=\"https:\/\/www.facebook.com\/laptitecalifornie.fr\/\" \/>\n<meta property=\"article:author\" content=\"https:\/\/www.facebook.com\/ericphilippeloiselet\" \/>\n<meta property=\"article:published_time\" content=\"2021-12-11T21:08:41+00:00\" \/>\n<meta property=\"article:modified_time\" content=\"2025-12-11T06:55:48+00:00\" \/>\n<meta property=\"og:image\" content=\"https:\/\/paradiseisnotlost.com\/bzh\/wp-content\/uploads\/2021\/06\/Saint-Nazaire_fusion-2_04.jpg\" \/>\n\t<meta property=\"og:image:width\" content=\"960\" \/>\n\t<meta property=\"og:image:height\" content=\"715\" \/>\n\t<meta property=\"og:image:type\" content=\"image\/jpeg\" \/>\n<meta name=\"author\" content=\"Eric-Philippe\" \/>\n<meta name=\"twitter:card\" content=\"summary_large_image\" \/>\n<meta name=\"twitter:creator\" content=\"@Ptitecalifornie\" \/>\n<meta name=\"twitter:site\" content=\"@Ptitecalifornie\" \/>\n<meta name=\"twitter:label1\" content=\"\u00c9crit par\" \/>\n\t<meta name=\"twitter:data1\" content=\"Eric-Philippe\" \/>\n\t<meta name=\"twitter:label2\" content=\"Dur\u00e9e de lecture estim\u00e9e\" \/>\n\t<meta name=\"twitter:data2\" content=\"2 minutes\" \/>\n<script type=\"application\/ld+json\" class=\"yoast-schema-graph\">{\"@context\":\"https:\\\/\\\/schema.org\",\"@graph\":[{\"@type\":\"Article\",\"@id\":\"https:\\\/\\\/paradiseisnotlost.com\\\/bzh\\\/event-garage-a-confettis-2021\\\/#article\",\"isPartOf\":{\"@id\":\"https:\\\/\\\/paradiseisnotlost.com\\\/bzh\\\/event-garage-a-confettis-2021\\\/\"},\"author\":{\"name\":\"Eric-Philippe\",\"@id\":\"https:\\\/\\\/paradiseisnotlost.com\\\/bzh\\\/#\\\/schema\\\/person\\\/411e1530ab170d0f473410a600db370b\"},\"headline\":\"Event &#8211; BOUTIQUE \u00c9PH\u00c9M\u00c8RE DE 32 CR\u00c9ATEURS LOCAUX\",\"datePublished\":\"2021-12-11T21:08:41+00:00\",\"dateModified\":\"2025-12-11T06:55:48+00:00\",\"mainEntityOfPage\":{\"@id\":\"https:\\\/\\\/paradiseisnotlost.com\\\/bzh\\\/event-garage-a-confettis-2021\\\/\"},\"wordCount\":201,\"publisher\":{\"@id\":\"https:\\\/\\\/paradiseisnotlost.com\\\/bzh\\\/#organization\"},\"image\":{\"@id\":\"https:\\\/\\\/paradiseisnotlost.com\\\/bzh\\\/event-garage-a-confettis-2021\\\/#primaryimage\"},\"thumbnailUrl\":\"https:\\\/\\\/paradiseisnotlost.com\\\/bzh\\\/wp-content\\\/uploads\\\/2021\\\/12\\\/flyer_05.jpg\",\"keywords\":[\"Affiches\",\"Artiste\",\"Dimanches AF-FAIRE\",\"Disques\",\"Encadrement\",\"\u00c9v\u00e9nements\",\"Expo\",\"Expo-Vente\",\"Galerie d'Art\",\"Le Garage\",\"sculpture\",\"Showroom\",\"Vinyles\"],\"articleSection\":[\"ACTU\"],\"inLanguage\":\"fr-FR\"},{\"@type\":\"WebPage\",\"@id\":\"https:\\\/\\\/paradiseisnotlost.com\\\/bzh\\\/event-garage-a-confettis-2021\\\/\",\"url\":\"https:\\\/\\\/paradiseisnotlost.com\\\/bzh\\\/event-garage-a-confettis-2021\\\/\",\"name\":\"Event @ Le Garage \u00e0 Confettis Saint-Nazaire 2021\",\"isPartOf\":{\"@id\":\"https:\\\/\\\/paradiseisnotlost.com\\\/bzh\\\/#website\"},\"primaryImageOfPage\":{\"@id\":\"https:\\\/\\\/paradiseisnotlost.com\\\/bzh\\\/event-garage-a-confettis-2021\\\/#primaryimage\"},\"image\":{\"@id\":\"https:\\\/\\\/paradiseisnotlost.com\\\/bzh\\\/event-garage-a-confettis-2021\\\/#primaryimage\"},\"thumbnailUrl\":\"https:\\\/\\\/paradiseisnotlost.com\\\/bzh\\\/wp-content\\\/uploads\\\/2021\\\/12\\\/flyer_05.jpg\",\"datePublished\":\"2021-12-11T21:08:41+00:00\",\"dateModified\":\"2025-12-11T06:55:48+00:00\",\"description\":\"Le Garage \u00e0 Confettis 2021, 10:00h\\\/19:00h tous les jours sauf lundi 14:00h\\\/19:00h face au march\u00e9 central Saint-Nazaire\",\"breadcrumb\":{\"@id\":\"https:\\\/\\\/paradiseisnotlost.com\\\/bzh\\\/event-garage-a-confettis-2021\\\/#breadcrumb\"},\"inLanguage\":\"fr-FR\",\"potentialAction\":[{\"@type\":\"ReadAction\",\"target\":[\"https:\\\/\\\/paradiseisnotlost.com\\\/bzh\\\/event-garage-a-confettis-2021\\\/\"]}]},{\"@type\":\"ImageObject\",\"inLanguage\":\"fr-FR\",\"@id\":\"https:\\\/\\\/paradiseisnotlost.com\\\/bzh\\\/event-garage-a-confettis-2021\\\/#primaryimage\",\"url\":\"https:\\\/\\\/paradiseisnotlost.com\\\/bzh\\\/wp-content\\\/uploads\\\/2021\\\/12\\\/flyer_05.jpg\",\"contentUrl\":\"https:\\\/\\\/paradiseisnotlost.com\\\/bzh\\\/wp-content\\\/uploads\\\/2021\\\/12\\\/flyer_05.jpg\",\"width\":1246,\"height\":702,\"caption\":\"Le Garage \u00e0 Confettis du 4 au 22\\\/12\\\/21\"},{\"@type\":\"BreadcrumbList\",\"@id\":\"https:\\\/\\\/paradiseisnotlost.com\\\/bzh\\\/event-garage-a-confettis-2021\\\/#breadcrumb\",\"itemListElement\":[{\"@type\":\"ListItem\",\"position\":1,\"name\":\"Accueil\",\"item\":\"https:\\\/\\\/paradiseisnotlost.com\\\/bzh\\\/\"},{\"@type\":\"ListItem\",\"position\":2,\"name\":\"ACTU\",\"item\":\"https:\\\/\\\/paradiseisnotlost.com\\\/bzh\\\/category\\\/actu-sud-bretagne\\\/\"},{\"@type\":\"ListItem\",\"position\":3,\"name\":\"Event &#8211; BOUTIQUE \u00c9PH\u00c9M\u00c8RE DE 32 CR\u00c9ATEURS LOCAUX\"}]},{\"@type\":\"WebSite\",\"@id\":\"https:\\\/\\\/paradiseisnotlost.com\\\/bzh\\\/#website\",\"url\":\"https:\\\/\\\/paradiseisnotlost.com\\\/bzh\\\/\",\"name\":\"Paradise is not lost, we design it ! Sud BZH\",\"description\":\"Digital Design : Agence | Art-Shop | Events | Showroom\",\"publisher\":{\"@id\":\"https:\\\/\\\/paradiseisnotlost.com\\\/bzh\\\/#organization\"},\"potentialAction\":[{\"@type\":\"SearchAction\",\"target\":{\"@type\":\"EntryPoint\",\"urlTemplate\":\"https:\\\/\\\/paradiseisnotlost.com\\\/bzh\\\/?s={search_term_string}\"},\"query-input\":{\"@type\":\"PropertyValueSpecification\",\"valueRequired\":true,\"valueName\":\"search_term_string\"}}],\"inLanguage\":\"fr-FR\"},{\"@type\":\"Organization\",\"@id\":\"https:\\\/\\\/paradiseisnotlost.com\\\/bzh\\\/#organization\",\"name\":\"Paradiseisnotlost\",\"url\":\"https:\\\/\\\/paradiseisnotlost.com\\\/bzh\\\/\",\"logo\":{\"@type\":\"ImageObject\",\"inLanguage\":\"fr-FR\",\"@id\":\"https:\\\/\\\/paradiseisnotlost.com\\\/bzh\\\/#\\\/schema\\\/logo\\\/image\\\/\",\"url\":\"https:\\\/\\\/paradiseisnotlost.com\\\/bzh\\\/wp-content\\\/uploads\\\/2019\\\/05\\\/19_logo_logo_entet-web_010.png\",\"contentUrl\":\"https:\\\/\\\/paradiseisnotlost.com\\\/bzh\\\/wp-content\\\/uploads\\\/2019\\\/05\\\/19_logo_logo_entet-web_010.png\",\"width\":129,\"height\":60,\"caption\":\"Paradiseisnotlost\"},\"image\":{\"@id\":\"https:\\\/\\\/paradiseisnotlost.com\\\/bzh\\\/#\\\/schema\\\/logo\\\/image\\\/\"},\"sameAs\":[\"https:\\\/\\\/www.facebook.com\\\/laptitecalifornie.fr\\\/\",\"https:\\\/\\\/x.com\\\/Ptitecalifornie\",\"https:\\\/\\\/www.instagram.com\\\/paradiseisnotlost44\\\/\",\"https:\\\/\\\/www.pinterest.fr\\\/paradiseisnotlost\\\/\"]},{\"@type\":\"Person\",\"@id\":\"https:\\\/\\\/paradiseisnotlost.com\\\/bzh\\\/#\\\/schema\\\/person\\\/411e1530ab170d0f473410a600db370b\",\"name\":\"Eric-Philippe\",\"image\":{\"@type\":\"ImageObject\",\"inLanguage\":\"fr-FR\",\"@id\":\"https:\\\/\\\/secure.gravatar.com\\\/avatar\\\/bc345ce7c4dedc665388df7c6463570aee757699e404f49bc91bcd5c20147e72?s=96&d=identicon&r=g\",\"url\":\"https:\\\/\\\/secure.gravatar.com\\\/avatar\\\/bc345ce7c4dedc665388df7c6463570aee757699e404f49bc91bcd5c20147e72?s=96&d=identicon&r=g\",\"contentUrl\":\"https:\\\/\\\/secure.gravatar.com\\\/avatar\\\/bc345ce7c4dedc665388df7c6463570aee757699e404f49bc91bcd5c20147e72?s=96&d=identicon&r=g\",\"caption\":\"Eric-Philippe\"},\"sameAs\":[\"https:\\\/\\\/www.facebook.com\\\/ericphilippeloiselet\"],\"url\":\"https:\\\/\\\/paradiseisnotlost.com\\\/bzh\\\/author\\\/ep\\\/\"}]}<\/script>\n<!-- \/ Yoast SEO plugin. -->","yoast_head_json":{"title":"Event @ Le Garage \u00e0 Confettis Saint-Nazaire 2021","description":"Le Garage \u00e0 Confettis 2021, 10:00h\/19:00h tous les jours sauf lundi 14:00h\/19:00h face au march\u00e9 central Saint-Nazaire","robots":{"index":"index","follow":"follow","max-snippet":"max-snippet:-1","max-image-preview":"max-image-preview:large","max-video-preview":"max-video-preview:-1"},"canonical":"https:\/\/paradiseisnotlost.com\/bzh\/event-garage-a-confettis-2021\/","og_locale":"fr_FR","og_type":"article","og_title":"Next Dimanche AF-FAIRE au Garage Saint-Nazaire","og_description":"Click & collect des commandes d'affiches et cadres, expo-vente avec disquaire vinyles et invit\u00e9s surprises","og_url":"https:\/\/paradiseisnotlost.com\/bzh\/event-garage-a-confettis-2021\/","og_site_name":"Paradise is not lost, we design it ! Sud BZH","article_publisher":"https:\/\/www.facebook.com\/laptitecalifornie.fr\/","article_author":"https:\/\/www.facebook.com\/ericphilippeloiselet","article_published_time":"2021-12-11T21:08:41+00:00","article_modified_time":"2025-12-11T06:55:48+00:00","og_image":[{"width":960,"height":715,"url":"https:\/\/paradiseisnotlost.com\/bzh\/wp-content\/uploads\/2021\/06\/Saint-Nazaire_fusion-2_04.jpg","type":"image\/jpeg"}],"author":"Eric-Philippe","twitter_card":"summary_large_image","twitter_creator":"@Ptitecalifornie","twitter_site":"@Ptitecalifornie","twitter_misc":{"\u00c9crit par":"Eric-Philippe","Dur\u00e9e de lecture estim\u00e9e":"2 minutes"},"schema":{"@context":"https:\/\/schema.org","@graph":[{"@type":"Article","@id":"https:\/\/paradiseisnotlost.com\/bzh\/event-garage-a-confettis-2021\/#article","isPartOf":{"@id":"https:\/\/paradiseisnotlost.com\/bzh\/event-garage-a-confettis-2021\/"},"author":{"name":"Eric-Philippe","@id":"https:\/\/paradiseisnotlost.com\/bzh\/#\/schema\/person\/411e1530ab170d0f473410a600db370b"},"headline":"Event &#8211; BOUTIQUE \u00c9PH\u00c9M\u00c8RE DE 32 CR\u00c9ATEURS LOCAUX","datePublished":"2021-12-11T21:08:41+00:00","dateModified":"2025-12-11T06:55:48+00:00","mainEntityOfPage":{"@id":"https:\/\/paradiseisnotlost.com\/bzh\/event-garage-a-confettis-2021\/"},"wordCount":201,"publisher":{"@id":"https:\/\/paradiseisnotlost.com\/bzh\/#organization"},"image":{"@id":"https:\/\/paradiseisnotlost.com\/bzh\/event-garage-a-confettis-2021\/#primaryimage"},"thumbnailUrl":"https:\/\/paradiseisnotlost.com\/bzh\/wp-content\/uploads\/2021\/12\/flyer_05.jpg","keywords":["Affiches","Artiste","Dimanches AF-FAIRE","Disques","Encadrement","\u00c9v\u00e9nements","Expo","Expo-Vente","Galerie d'Art","Le Garage","sculpture","Showroom","Vinyles"],"articleSection":["ACTU"],"inLanguage":"fr-FR"},{"@type":"WebPage","@id":"https:\/\/paradiseisnotlost.com\/bzh\/event-garage-a-confettis-2021\/","url":"https:\/\/paradiseisnotlost.com\/bzh\/event-garage-a-confettis-2021\/","name":"Event @ Le Garage \u00e0 Confettis Saint-Nazaire 2021","isPartOf":{"@id":"https:\/\/paradiseisnotlost.com\/bzh\/#website"},"primaryImageOfPage":{"@id":"https:\/\/paradiseisnotlost.com\/bzh\/event-garage-a-confettis-2021\/#primaryimage"},"image":{"@id":"https:\/\/paradiseisnotlost.com\/bzh\/event-garage-a-confettis-2021\/#primaryimage"},"thumbnailUrl":"https:\/\/paradiseisnotlost.com\/bzh\/wp-content\/uploads\/2021\/12\/flyer_05.jpg","datePublished":"2021-12-11T21:08:41+00:00","dateModified":"2025-12-11T06:55:48+00:00","description":"Le Garage \u00e0 Confettis 2021, 10:00h\/19:00h tous les jours sauf lundi 14:00h\/19:00h face au march\u00e9 central Saint-Nazaire","breadcrumb":{"@id":"https:\/\/paradiseisnotlost.com\/bzh\/event-garage-a-confettis-2021\/#breadcrumb"},"inLanguage":"fr-FR","potentialAction":[{"@type":"ReadAction","target":["https:\/\/paradiseisnotlost.com\/bzh\/event-garage-a-confettis-2021\/"]}]},{"@type":"ImageObject","inLanguage":"fr-FR","@id":"https:\/\/paradiseisnotlost.com\/bzh\/event-garage-a-confettis-2021\/#primaryimage","url":"https:\/\/paradiseisnotlost.com\/bzh\/wp-content\/uploads\/2021\/12\/flyer_05.jpg","contentUrl":"https:\/\/paradiseisnotlost.com\/bzh\/wp-content\/uploads\/2021\/12\/flyer_05.jpg","width":1246,"height":702,"caption":"Le Garage \u00e0 Confettis du 4 au 22\/12\/21"},{"@type":"BreadcrumbList","@id":"https:\/\/paradiseisnotlost.com\/bzh\/event-garage-a-confettis-2021\/#breadcrumb","itemListElement":[{"@type":"ListItem","position":1,"name":"Accueil","item":"https:\/\/paradiseisnotlost.com\/bzh\/"},{"@type":"ListItem","position":2,"name":"ACTU","item":"https:\/\/paradiseisnotlost.com\/bzh\/category\/actu-sud-bretagne\/"},{"@type":"ListItem","position":3,"name":"Event &#8211; BOUTIQUE \u00c9PH\u00c9M\u00c8RE DE 32 CR\u00c9ATEURS LOCAUX"}]},{"@type":"WebSite","@id":"https:\/\/paradiseisnotlost.com\/bzh\/#website","url":"https:\/\/paradiseisnotlost.com\/bzh\/","name":"Paradise is not lost, we design it ! Sud BZH","description":"Digital Design : Agence | Art-Shop | Events | Showroom","publisher":{"@id":"https:\/\/paradiseisnotlost.com\/bzh\/#organization"},"potentialAction":[{"@type":"SearchAction","target":{"@type":"EntryPoint","urlTemplate":"https:\/\/paradiseisnotlost.com\/bzh\/?s={search_term_string}"},"query-input":{"@type":"PropertyValueSpecification","valueRequired":true,"valueName":"search_term_string"}}],"inLanguage":"fr-FR"},{"@type":"Organization","@id":"https:\/\/paradiseisnotlost.com\/bzh\/#organization","name":"Paradiseisnotlost","url":"https:\/\/paradiseisnotlost.com\/bzh\/","logo":{"@type":"ImageObject","inLanguage":"fr-FR","@id":"https:\/\/paradiseisnotlost.com\/bzh\/#\/schema\/logo\/image\/","url":"https:\/\/paradiseisnotlost.com\/bzh\/wp-content\/uploads\/2019\/05\/19_logo_logo_entet-web_010.png","contentUrl":"https:\/\/paradiseisnotlost.com\/bzh\/wp-content\/uploads\/2019\/05\/19_logo_logo_entet-web_010.png","width":129,"height":60,"caption":"Paradiseisnotlost"},"image":{"@id":"https:\/\/paradiseisnotlost.com\/bzh\/#\/schema\/logo\/image\/"},"sameAs":["https:\/\/www.facebook.com\/laptitecalifornie.fr\/","https:\/\/x.com\/Ptitecalifornie","https:\/\/www.instagram.com\/paradiseisnotlost44\/","https:\/\/www.pinterest.fr\/paradiseisnotlost\/"]},{"@type":"Person","@id":"https:\/\/paradiseisnotlost.com\/bzh\/#\/schema\/person\/411e1530ab170d0f473410a600db370b","name":"Eric-Philippe","image":{"@type":"ImageObject","inLanguage":"fr-FR","@id":"https:\/\/secure.gravatar.com\/avatar\/bc345ce7c4dedc665388df7c6463570aee757699e404f49bc91bcd5c20147e72?s=96&d=identicon&r=g","url":"https:\/\/secure.gravatar.com\/avatar\/bc345ce7c4dedc665388df7c6463570aee757699e404f49bc91bcd5c20147e72?s=96&d=identicon&r=g","contentUrl":"https:\/\/secure.gravatar.com\/avatar\/bc345ce7c4dedc665388df7c6463570aee757699e404f49bc91bcd5c20147e72?s=96&d=identicon&r=g","caption":"Eric-Philippe"},"sameAs":["https:\/\/www.facebook.com\/ericphilippeloiselet"],"url":"https:\/\/paradiseisnotlost.com\/bzh\/author\/ep\/"}]}},"_links":{"self":[{"href":"https:\/\/paradiseisnotlost.com\/bzh\/wp-json\/wp\/v2\/posts\/54595","targetHints":{"allow":["GET"]}}],"collection":[{"href":"https:\/\/paradiseisnotlost.com\/bzh\/wp-json\/wp\/v2\/posts"}],"about":[{"href":"https:\/\/paradiseisnotlost.com\/bzh\/wp-json\/wp\/v2\/types\/post"}],"author":[{"embeddable":true,"href":"https:\/\/paradiseisnotlost.com\/bzh\/wp-json\/wp\/v2\/users\/2"}],"replies":[{"embeddable":true,"href":"https:\/\/paradiseisnotlost.com\/bzh\/wp-json\/wp\/v2\/comments?post=54595"}],"version-history":[{"count":1,"href":"https:\/\/paradiseisnotlost.com\/bzh\/wp-json\/wp\/v2\/posts\/54595\/revisions"}],"predecessor-version":[{"id":56147,"href":"https:\/\/paradiseisnotlost.com\/bzh\/wp-json\/wp\/v2\/posts\/54595\/revisions\/56147"}],"wp:featuredmedia":[{"embeddable":true,"href":"https:\/\/paradiseisnotlost.com\/bzh\/wp-json\/wp\/v2\/media\/54611"}],"wp:attachment":[{"href":"https:\/\/paradiseisnotlost.com\/bzh\/wp-json\/wp\/v2\/media?parent=54595"}],"wp:term":[{"taxonomy":"category","embeddable":true,"href":"https:\/\/paradiseisnotlost.com\/bzh\/wp-json\/wp\/v2\/categories?post=54595"},{"taxonomy":"post_tag","embeddable":true,"href":"https:\/\/paradiseisnotlost.com\/bzh\/wp-json\/wp\/v2\/tags?post=54595"}],"curies":[{"name":"wp","href":"https:\/\/api.w.org\/{rel}","templated":true}]}}